{"id":1498,"date":"2024-01-17T15:53:04","date_gmt":"2024-01-17T15:53:04","guid":{"rendered":"https:\/\/verdianpower.com\/agrivoltaico-lequilibrio-chiave-tra-agricoltura-e-produzione-di-energia-solare\/"},"modified":"2025-09-29T13:11:52","modified_gmt":"2025-09-29T13:11:52","slug":"agrivoltaico-lequilibrio-chiave-tra-agricoltura-e-produzione-di-energia-solare","status":"publish","type":"post","link":"https:\/\/verdianpower.com\/it\/agrivoltaico-lequilibrio-chiave-tra-agricoltura-e-produzione-di-energia-solare\/","title":{"rendered":"Agrivoltaico, l\u2019equilibrio chiave tra agricoltura e produzione di energia solare"},"content":{"rendered":"\n<p>\u201cSi el sol fuera un jornalero no madrugar\u00eda tanto\u201d (\u201cse il sole fosse un lavoratore a giornata non si alzerebbe cos\u00ec presto\u201d), cantano i protagonisti dell\u2019acclamato e pluripremiato film \u201cAlcarr\u00e0s\u201d (2022), diretto da Carla Sim\u00f3n, che ritrae una delle situazioni che ad oggi si trovano ad affrontare molte zone della Spagna rurale, come nel caso della provincia di Lleida, dove il film \u00e8 ambientato: la scelta tra l\u2019integrazione delle energie rinnovabili o la lotta per la sopravvivenza del settore agricolo. Tuttavia, se \u201cAlcarr\u00e0s\u201d esemplifica il conflitto tra tradizione e modernit\u00e0, nel caso delle energie rinnovabili la realt\u00e0 supera la finzione, ma in senso positivo: il settore sta facendo un grande sforzo per rendere questa dicotomia, storia, poich\u00e9 l\u2019equilibrio tra il settore agricolo e la generazione di energia solare \u2013 l\u2019agrivoltaico \u2013 \u00e8 sempre pi\u00f9 comune.<\/p>\n\n<p>La Spagna dispone di circa 2.500 ore di sole all\u2019anno, quindi l\u2019energia solare si posiziona come la fonte rinnovabile chiave per raggiungere gli obiettivi preposti dall\u2019Unione Europea, che ha recentemente innalzato l\u2019obiettivo del consumo di energia rinnovabile al 42,5% entro il 2030. Senza dubbio, l\u2019energia solare ha il potenziale per compensare gran parte della domanda energetica mondiale, ma siamo sulla strada giusta?<\/p>\n\n<p>In Catalogna, le energie rinnovabili sono considerate un elemento chiave nella transizione verso un modello di generazione pi\u00f9 sostenibile e l\u2019indipendenza energetica. Tuttavia, la comunit\u00e0 autonoma \u00e8 in ritardo nella loro diffusione: nel 2022, le energie rinnovabili rappresentavano solo il 15,6% della produzione lorda di elettricit\u00e0, pari a 6.934,6 GWh. Inoltre, le installazioni fotovoltaiche hanno contribuito alla rete solo per 377,54 GWh, con Lleida come primo produttore energetico.<\/p>\n\n<p>Inoltre, secondo l\u2019ultimo rapporto dell\u2019Osservatorio delle Energie Rinnovabili in Catalogna, la dipendenza da risorse esterne per coprire la domanda di elettricit\u00e0 \u00e8 aumentata fino a raggiungere l\u201984,6% nel 2021. In termini di capacit\u00e0 installata, i progressi sono stati minimi: la capacit\u00e0 di generazione netta da fonti rinnovabili \u00e8 aumentata solo di 1,42 MW, suddivisi tra 0,16 MW idroelettrici e 1,26 MW fotovoltaici, senza contare gli impianti di autoconsumo. La Catalogna ha quindi un grande compito davanti a s\u00e9: sfruttare al meglio le proprie risorse, senza aspettare che l\u2019energia verde arrivi dall\u2019Aragona attraverso le linee MAT.<\/p>\n\n<p>Il fatto \u00e8 che i conti della Catalogna non tornano e la sfida per raggiungere la neutralit\u00e0 climatica \u00e8 enorme. Secondo la \u201cProspectiva Energ\u00e8tica de Catalunya 2050\u201d, si prevede che entro il 2030 sar\u00e0 necessario incorporare fino a 12.000 MW di energia rinnovabile (5.000 MW di energia eolica e 7.000 MW di fotovoltaico). In questo senso, si prevede di sfruttare il potenziale fotovoltaico su tetti e coperture, associato principalmente a sistemi di autoconsumo e generazione distribuita, necessari ma non sufficienti per avanzare nella transizione energetica. \u00c8 quindi evidente la necessit\u00e0 di sviluppare fonti di energia rinnovabile su larga scala, con un impegno nei parchi solari ed eolici, che ridurranno la dipendenza da risorse esterne e creeranno posti di lavoro, contribuendo a creare un futuro pi\u00f9 sostenibile per le prossime generazioni.<\/p>\n\n<p>In questo contesto, l\u2019agrivoltaico emerge come la chiave per dimostrare che \u00e8 possibile ricercare la massima sinergia tra l\u2019energia fotovoltaica e il settore agricolo, che si tratti di coltivazioni o di allevamenti, installando pannelli solari sui terreni agricoli. Questa alternativa si pone come una delle soluzioni migliori per avanzare nella lotta al cambiamento climatico, offrendo al contempo la possibilit\u00e0 di ottenere ulteriori utilizzi e redditivit\u00e0 per i terreni in cui i progetti fotovoltaici sono collocati.<\/p>\n\n<p>La coesistenza tra il mondo agricolo e l\u2019energia solare non \u00e8 solo possibile, ma anche molto vantaggiosa. L\u2019agrivoltaico permette di ottimizzare l\u2019utilizzo del suolo, ma genera anche benefici come il miglioramento della biodiversit\u00e0, la coesistenza di attivit\u00e0 agricole e zootecniche e il miglioramento della produttivit\u00e0. Non solo fornisce energia pulita, ma l\u2019elevazione dei pannelli solari sopra i campi coltivati migliora l\u2019efficienza dell\u2019azienda agricola fornendo ombra, riducendo le temperature e prevenendo l\u2019evaporazione dell\u2019acqua. Inoltre, aiuta a proteggere le colture dalla grandine e dalle forti piogge, creando un ambiente pi\u00f9 favorevole alla crescita di frutta e verdura.<\/p>\n\n<p>In particolare, a Lleida, dove il sistema agricolo \u00e8 fondamentale per l\u2019economia e la generazione di posti di lavoro, l\u2019abbondanza di terreni agricoli \u2013 nel 2020 la provincia aveva una superficie agricola utile di quasi 827 ettari, secondo i dati del censimento agricolo dell\u2019INE \u2013 rappresenta un\u2019opportunit\u00e0 unica per questa alternativa, contribuendo cos\u00ec alla transizione energetica. Secondo un rapporto pubblicato dalla rivista Nature nel 2019, infatti, il fabbisogno energetico mondiale sarebbe soddisfatto dalla produzione solare se solo l\u20191% dei terreni agricoli fosse convertito in un sistema agrivoltaico.<\/p>\n\n<p>Infine, \u00e8 indispensabile sfatare il mito che le aziende produttrici di energia rinnovabile siano nemiche del settore agricolo e trasformarle in grandi alleati per il settore. Invece di vedere l\u2019espansione delle rinnovabili come una minaccia per l\u2019agricoltura, dovremmo iniziare a vederla come una grande alleata al fianco della quale operare per proteggere l\u2019attivit\u00e0 agricola dal cambiamento climatico, diversificando il reddito per rafforzare l\u2019economia rurale e migliorando la produttivit\u00e0 dei terreni.<\/p>\n\n<p>In Catalogna iniziano a decollare i primi parchi solari agrivoltaici. Tra le iniziative pi\u00f9 avanzate c\u2019\u00e8 l\u2019impianto \u201cLa Romiguera\u201d di Montblanc, promosso da \u201cEnergies Renovables Terra Ferma\u201d. L\u2019impianto \u00e8 un esempio di coesistenza tra la produzione di energia e la coltivazione biologica di cereali e leguminose, insieme ad erbe aromatiche, con un\u2019area di impollinazione e un rifugio di biodiversit\u00e0 privo di pesticidi e sostanze inquinanti. Anche a Lleida cominciano a nascere i primi progetti, come quello di Vilagrassa (Urgell), promosso da KM0, dove la produzione di energia fotovoltaica sar\u00e0 combinata alla coltivazione di meli, e i pannelli solari saranno installati ad un\u2019altezza superiore alla chioma degli alberi.<\/p>\n\n<p>Quel che \u00e8 certo \u00e8 che il sole continuer\u00e0 a sorgere. Per questo motivo, l\u2019agrivoltaico sta emergendo come soluzione in Catalogna e, pi\u00f9 in particolare, a Lleida, per transitare verso un modello di energia pulita e rafforzare il percorso verso la sovranit\u00e0 energetica. Indubbiamente, la disponibilit\u00e0 di terreni agricoli \u00e8 un\u2019alternativa per incrementare la produzione agricola e zootecnica, contribuendo al contempo alla generazione di energia sostenibile, raggiungendo un equilibrio fondamentale.<\/p>\n\n<p><em><strong>Jordi Francesch, membro del consiglio di Verdian<\/strong><\/em><\/p>\n","protected":false},"excerpt":{"rendered":"<p>\u201cSi el sol fuera un jornalero no madrugar\u00eda tanto\u201d (\u201cse il sole fosse un lavoratore a giornata non si alzerebbe cos\u00ec presto\u201d), cantano i protagonisti dell\u2019acclamato e pluripremiato film \u201cAlcarr\u00e0s\u201d (2022), diretto da Carla Sim\u00f3n, che ritrae una delle situazioni che ad oggi si trovano ad affrontare molte zone della Spagna rurale, come nel caso [&hellip;]<\/p>\n","protected":false},"author":5,"featured_media":965,"comment_status":"open","ping_status":"open","sticky":false,"template":"","format":"standard","meta":{"footnotes":""},"categories":[38],"tags":[],"class_list":["post-1498","post","type-post","status-publish","format-standard","has-post-thumbnail","hentry","category-opinion"],"yoast_head":"<!-- This site is optimized with the Yoast SEO plugin v27.2 - https:\/\/yoast.com\/product\/yoast-seo-wordpress\/ -->\n<title>Agrivoltaico, l\u2019equilibrio chiave tra agricoltura e produzione di energia solare - VERDIAN<\/title>\n<meta name=\"robots\" content=\"index, follow, max-snippet:-1, max-image-preview:large, max-video-preview:-1\" \/>\n<link rel=\"canonical\" href=\"https:\/\/verdianpower.com\/it\/agrivoltaico-lequilibrio-chiave-tra-agricoltura-e-produzione-di-energia-solare\/\" \/>\n<meta property=\"og:locale\" content=\"it_IT\" \/>\n<meta property=\"og:type\" content=\"article\" \/>\n<meta property=\"og:title\" content=\"Agrivoltaico, l\u2019equilibrio chiave tra agricoltura e produzione di energia solare - VERDIAN\" \/>\n<meta property=\"og:description\" content=\"\u201cSi el sol fuera un jornalero no madrugar\u00eda tanto\u201d (\u201cse il sole fosse un lavoratore a giornata non si alzerebbe cos\u00ec presto\u201d), cantano i protagonisti dell\u2019acclamato e pluripremiato film \u201cAlcarr\u00e0s\u201d (2022), diretto da Carla Sim\u00f3n, che ritrae una delle situazioni che ad oggi si trovano ad affrontare molte zone della Spagna rurale, come nel caso [&hellip;]\" \/>\n<meta property=\"og:url\" content=\"https:\/\/verdianpower.com\/it\/agrivoltaico-lequilibrio-chiave-tra-agricoltura-e-produzione-di-energia-solare\/\" \/>\n<meta property=\"og:site_name\" content=\"VERDIAN\" \/>\n<meta property=\"article:published_time\" content=\"2024-01-17T15:53:04+00:00\" \/>\n<meta property=\"article:modified_time\" content=\"2025-09-29T13:11:52+00:00\" \/>\n<meta property=\"og:image\" content=\"https:\/\/verdianpower.com\/wp-content\/uploads\/2025\/09\/Agrovoltaics.jpg\" \/>\n\t<meta property=\"og:image:width\" content=\"800\" \/>\n\t<meta property=\"og:image:height\" content=\"400\" \/>\n\t<meta property=\"og:image:type\" content=\"image\/jpeg\" \/>\n<meta name=\"author\" content=\"Wilfrido\" \/>\n<meta name=\"twitter:card\" content=\"summary_large_image\" \/>\n<meta name=\"twitter:label1\" content=\"Scritto da\" \/>\n\t<meta name=\"twitter:data1\" content=\"Wilfrido\" \/>\n\t<meta name=\"twitter:label2\" content=\"Tempo di lettura stimato\" \/>\n\t<meta name=\"twitter:data2\" content=\"5 minuti\" \/>\n<script type=\"application\/ld+json\" class=\"yoast-schema-graph\">{\"@context\":\"https:\/\/schema.org\",\"@graph\":[{\"@type\":\"Article\",\"@id\":\"https:\/\/verdianpower.com\/it\/agrivoltaico-lequilibrio-chiave-tra-agricoltura-e-produzione-di-energia-solare\/#article\",\"isPartOf\":{\"@id\":\"https:\/\/verdianpower.com\/it\/agrivoltaico-lequilibrio-chiave-tra-agricoltura-e-produzione-di-energia-solare\/\"},\"author\":{\"name\":\"Wilfrido\",\"@id\":\"https:\/\/verdianpower.com\/it\/#\/schema\/person\/91f2ac139e6a13fcdc840ccc7d42537c\"},\"headline\":\"Agrivoltaico, l\u2019equilibrio chiave tra agricoltura e produzione di energia solare\",\"datePublished\":\"2024-01-17T15:53:04+00:00\",\"dateModified\":\"2025-09-29T13:11:52+00:00\",\"mainEntityOfPage\":{\"@id\":\"https:\/\/verdianpower.com\/it\/agrivoltaico-lequilibrio-chiave-tra-agricoltura-e-produzione-di-energia-solare\/\"},\"wordCount\":1015,\"commentCount\":0,\"image\":{\"@id\":\"https:\/\/verdianpower.com\/it\/agrivoltaico-lequilibrio-chiave-tra-agricoltura-e-produzione-di-energia-solare\/#primaryimage\"},\"thumbnailUrl\":\"https:\/\/verdianpower.com\/wp-content\/uploads\/2025\/09\/Agrovoltaics.jpg\",\"articleSection\":[\"Opinion\"],\"inLanguage\":\"it-IT\",\"potentialAction\":[{\"@type\":\"CommentAction\",\"name\":\"Comment\",\"target\":[\"https:\/\/verdianpower.com\/it\/agrivoltaico-lequilibrio-chiave-tra-agricoltura-e-produzione-di-energia-solare\/#respond\"]}]},{\"@type\":\"WebPage\",\"@id\":\"https:\/\/verdianpower.com\/it\/agrivoltaico-lequilibrio-chiave-tra-agricoltura-e-produzione-di-energia-solare\/\",\"url\":\"https:\/\/verdianpower.com\/it\/agrivoltaico-lequilibrio-chiave-tra-agricoltura-e-produzione-di-energia-solare\/\",\"name\":\"Agrivoltaico, l\u2019equilibrio chiave tra agricoltura e produzione di energia solare - VERDIAN\",\"isPartOf\":{\"@id\":\"https:\/\/verdianpower.com\/it\/#website\"},\"primaryImageOfPage\":{\"@id\":\"https:\/\/verdianpower.com\/it\/agrivoltaico-lequilibrio-chiave-tra-agricoltura-e-produzione-di-energia-solare\/#primaryimage\"},\"image\":{\"@id\":\"https:\/\/verdianpower.com\/it\/agrivoltaico-lequilibrio-chiave-tra-agricoltura-e-produzione-di-energia-solare\/#primaryimage\"},\"thumbnailUrl\":\"https:\/\/verdianpower.com\/wp-content\/uploads\/2025\/09\/Agrovoltaics.jpg\",\"datePublished\":\"2024-01-17T15:53:04+00:00\",\"dateModified\":\"2025-09-29T13:11:52+00:00\",\"author\":{\"@id\":\"https:\/\/verdianpower.com\/it\/#\/schema\/person\/91f2ac139e6a13fcdc840ccc7d42537c\"},\"breadcrumb\":{\"@id\":\"https:\/\/verdianpower.com\/it\/agrivoltaico-lequilibrio-chiave-tra-agricoltura-e-produzione-di-energia-solare\/#breadcrumb\"},\"inLanguage\":\"it-IT\",\"potentialAction\":[{\"@type\":\"ReadAction\",\"target\":[\"https:\/\/verdianpower.com\/it\/agrivoltaico-lequilibrio-chiave-tra-agricoltura-e-produzione-di-energia-solare\/\"]}]},{\"@type\":\"ImageObject\",\"inLanguage\":\"it-IT\",\"@id\":\"https:\/\/verdianpower.com\/it\/agrivoltaico-lequilibrio-chiave-tra-agricoltura-e-produzione-di-energia-solare\/#primaryimage\",\"url\":\"https:\/\/verdianpower.com\/wp-content\/uploads\/2025\/09\/Agrovoltaics.jpg\",\"contentUrl\":\"https:\/\/verdianpower.com\/wp-content\/uploads\/2025\/09\/Agrovoltaics.jpg\",\"width\":800,\"height\":400},{\"@type\":\"BreadcrumbList\",\"@id\":\"https:\/\/verdianpower.com\/it\/agrivoltaico-lequilibrio-chiave-tra-agricoltura-e-produzione-di-energia-solare\/#breadcrumb\",\"itemListElement\":[{\"@type\":\"ListItem\",\"position\":1,\"name\":\"Portada\",\"item\":\"https:\/\/verdianpower.com\/it\/\"},{\"@type\":\"ListItem\",\"position\":2,\"name\":\"Agrivoltaico, l\u2019equilibrio chiave tra agricoltura e produzione di energia solare\"}]},{\"@type\":\"WebSite\",\"@id\":\"https:\/\/verdianpower.com\/it\/#website\",\"url\":\"https:\/\/verdianpower.com\/it\/\",\"name\":\"VERDIAN\",\"description\":\"\",\"potentialAction\":[{\"@type\":\"SearchAction\",\"target\":{\"@type\":\"EntryPoint\",\"urlTemplate\":\"https:\/\/verdianpower.com\/it\/?s={search_term_string}\"},\"query-input\":{\"@type\":\"PropertyValueSpecification\",\"valueRequired\":true,\"valueName\":\"search_term_string\"}}],\"inLanguage\":\"it-IT\"},{\"@type\":\"Person\",\"@id\":\"https:\/\/verdianpower.com\/it\/#\/schema\/person\/91f2ac139e6a13fcdc840ccc7d42537c\",\"name\":\"Wilfrido\",\"image\":{\"@type\":\"ImageObject\",\"inLanguage\":\"it-IT\",\"@id\":\"https:\/\/secure.gravatar.com\/avatar\/a50d3f73478502cff84b5f8a95a30c305ddf2e154b47d784044fa79487d2bee2?s=96&d=mm&r=g\",\"url\":\"https:\/\/secure.gravatar.com\/avatar\/a50d3f73478502cff84b5f8a95a30c305ddf2e154b47d784044fa79487d2bee2?s=96&d=mm&r=g\",\"contentUrl\":\"https:\/\/secure.gravatar.com\/avatar\/a50d3f73478502cff84b5f8a95a30c305ddf2e154b47d784044fa79487d2bee2?s=96&d=mm&r=g\",\"caption\":\"Wilfrido\"}}]}<\/script>\n<!-- \/ Yoast SEO plugin. -->","yoast_head_json":{"title":"Agrivoltaico, l\u2019equilibrio chiave tra agricoltura e produzione di energia solare - VERDIAN","robots":{"index":"index","follow":"follow","max-snippet":"max-snippet:-1","max-image-preview":"max-image-preview:large","max-video-preview":"max-video-preview:-1"},"canonical":"https:\/\/verdianpower.com\/it\/agrivoltaico-lequilibrio-chiave-tra-agricoltura-e-produzione-di-energia-solare\/","og_locale":"it_IT","og_type":"article","og_title":"Agrivoltaico, l\u2019equilibrio chiave tra agricoltura e produzione di energia solare - VERDIAN","og_description":"\u201cSi el sol fuera un jornalero no madrugar\u00eda tanto\u201d (\u201cse il sole fosse un lavoratore a giornata non si alzerebbe cos\u00ec presto\u201d), cantano i protagonisti dell\u2019acclamato e pluripremiato film \u201cAlcarr\u00e0s\u201d (2022), diretto da Carla Sim\u00f3n, che ritrae una delle situazioni che ad oggi si trovano ad affrontare molte zone della Spagna rurale, come nel caso [&hellip;]","og_url":"https:\/\/verdianpower.com\/it\/agrivoltaico-lequilibrio-chiave-tra-agricoltura-e-produzione-di-energia-solare\/","og_site_name":"VERDIAN","article_published_time":"2024-01-17T15:53:04+00:00","article_modified_time":"2025-09-29T13:11:52+00:00","og_image":[{"width":800,"height":400,"url":"https:\/\/verdianpower.com\/wp-content\/uploads\/2025\/09\/Agrovoltaics.jpg","type":"image\/jpeg"}],"author":"Wilfrido","twitter_card":"summary_large_image","twitter_misc":{"Scritto da":"Wilfrido","Tempo di lettura stimato":"5 minuti"},"schema":{"@context":"https:\/\/schema.org","@graph":[{"@type":"Article","@id":"https:\/\/verdianpower.com\/it\/agrivoltaico-lequilibrio-chiave-tra-agricoltura-e-produzione-di-energia-solare\/#article","isPartOf":{"@id":"https:\/\/verdianpower.com\/it\/agrivoltaico-lequilibrio-chiave-tra-agricoltura-e-produzione-di-energia-solare\/"},"author":{"name":"Wilfrido","@id":"https:\/\/verdianpower.com\/it\/#\/schema\/person\/91f2ac139e6a13fcdc840ccc7d42537c"},"headline":"Agrivoltaico, l\u2019equilibrio chiave tra agricoltura e produzione di energia solare","datePublished":"2024-01-17T15:53:04+00:00","dateModified":"2025-09-29T13:11:52+00:00","mainEntityOfPage":{"@id":"https:\/\/verdianpower.com\/it\/agrivoltaico-lequilibrio-chiave-tra-agricoltura-e-produzione-di-energia-solare\/"},"wordCount":1015,"commentCount":0,"image":{"@id":"https:\/\/verdianpower.com\/it\/agrivoltaico-lequilibrio-chiave-tra-agricoltura-e-produzione-di-energia-solare\/#primaryimage"},"thumbnailUrl":"https:\/\/verdianpower.com\/wp-content\/uploads\/2025\/09\/Agrovoltaics.jpg","articleSection":["Opinion"],"inLanguage":"it-IT","potentialAction":[{"@type":"CommentAction","name":"Comment","target":["https:\/\/verdianpower.com\/it\/agrivoltaico-lequilibrio-chiave-tra-agricoltura-e-produzione-di-energia-solare\/#respond"]}]},{"@type":"WebPage","@id":"https:\/\/verdianpower.com\/it\/agrivoltaico-lequilibrio-chiave-tra-agricoltura-e-produzione-di-energia-solare\/","url":"https:\/\/verdianpower.com\/it\/agrivoltaico-lequilibrio-chiave-tra-agricoltura-e-produzione-di-energia-solare\/","name":"Agrivoltaico, l\u2019equilibrio chiave tra agricoltura e produzione di energia solare - VERDIAN","isPartOf":{"@id":"https:\/\/verdianpower.com\/it\/#website"},"primaryImageOfPage":{"@id":"https:\/\/verdianpower.com\/it\/agrivoltaico-lequilibrio-chiave-tra-agricoltura-e-produzione-di-energia-solare\/#primaryimage"},"image":{"@id":"https:\/\/verdianpower.com\/it\/agrivoltaico-lequilibrio-chiave-tra-agricoltura-e-produzione-di-energia-solare\/#primaryimage"},"thumbnailUrl":"https:\/\/verdianpower.com\/wp-content\/uploads\/2025\/09\/Agrovoltaics.jpg","datePublished":"2024-01-17T15:53:04+00:00","dateModified":"2025-09-29T13:11:52+00:00","author":{"@id":"https:\/\/verdianpower.com\/it\/#\/schema\/person\/91f2ac139e6a13fcdc840ccc7d42537c"},"breadcrumb":{"@id":"https:\/\/verdianpower.com\/it\/agrivoltaico-lequilibrio-chiave-tra-agricoltura-e-produzione-di-energia-solare\/#breadcrumb"},"inLanguage":"it-IT","potentialAction":[{"@type":"ReadAction","target":["https:\/\/verdianpower.com\/it\/agrivoltaico-lequilibrio-chiave-tra-agricoltura-e-produzione-di-energia-solare\/"]}]},{"@type":"ImageObject","inLanguage":"it-IT","@id":"https:\/\/verdianpower.com\/it\/agrivoltaico-lequilibrio-chiave-tra-agricoltura-e-produzione-di-energia-solare\/#primaryimage","url":"https:\/\/verdianpower.com\/wp-content\/uploads\/2025\/09\/Agrovoltaics.jpg","contentUrl":"https:\/\/verdianpower.com\/wp-content\/uploads\/2025\/09\/Agrovoltaics.jpg","width":800,"height":400},{"@type":"BreadcrumbList","@id":"https:\/\/verdianpower.com\/it\/agrivoltaico-lequilibrio-chiave-tra-agricoltura-e-produzione-di-energia-solare\/#breadcrumb","itemListElement":[{"@type":"ListItem","position":1,"name":"Portada","item":"https:\/\/verdianpower.com\/it\/"},{"@type":"ListItem","position":2,"name":"Agrivoltaico, l\u2019equilibrio chiave tra agricoltura e produzione di energia solare"}]},{"@type":"WebSite","@id":"https:\/\/verdianpower.com\/it\/#website","url":"https:\/\/verdianpower.com\/it\/","name":"VERDIAN","description":"","potentialAction":[{"@type":"SearchAction","target":{"@type":"EntryPoint","urlTemplate":"https:\/\/verdianpower.com\/it\/?s={search_term_string}"},"query-input":{"@type":"PropertyValueSpecification","valueRequired":true,"valueName":"search_term_string"}}],"inLanguage":"it-IT"},{"@type":"Person","@id":"https:\/\/verdianpower.com\/it\/#\/schema\/person\/91f2ac139e6a13fcdc840ccc7d42537c","name":"Wilfrido","image":{"@type":"ImageObject","inLanguage":"it-IT","@id":"https:\/\/secure.gravatar.com\/avatar\/a50d3f73478502cff84b5f8a95a30c305ddf2e154b47d784044fa79487d2bee2?s=96&d=mm&r=g","url":"https:\/\/secure.gravatar.com\/avatar\/a50d3f73478502cff84b5f8a95a30c305ddf2e154b47d784044fa79487d2bee2?s=96&d=mm&r=g","contentUrl":"https:\/\/secure.gravatar.com\/avatar\/a50d3f73478502cff84b5f8a95a30c305ddf2e154b47d784044fa79487d2bee2?s=96&d=mm&r=g","caption":"Wilfrido"}}]}},"_links":{"self":[{"href":"https:\/\/verdianpower.com\/it\/wp-json\/wp\/v2\/posts\/1498","targetHints":{"allow":["GET"]}}],"collection":[{"href":"https:\/\/verdianpower.com\/it\/wp-json\/wp\/v2\/posts"}],"about":[{"href":"https:\/\/verdianpower.com\/it\/wp-json\/wp\/v2\/types\/post"}],"author":[{"embeddable":true,"href":"https:\/\/verdianpower.com\/it\/wp-json\/wp\/v2\/users\/5"}],"replies":[{"embeddable":true,"href":"https:\/\/verdianpower.com\/it\/wp-json\/wp\/v2\/comments?post=1498"}],"version-history":[{"count":0,"href":"https:\/\/verdianpower.com\/it\/wp-json\/wp\/v2\/posts\/1498\/revisions"}],"wp:featuredmedia":[{"embeddable":true,"href":"https:\/\/verdianpower.com\/it\/wp-json\/wp\/v2\/media\/965"}],"wp:attachment":[{"href":"https:\/\/verdianpower.com\/it\/wp-json\/wp\/v2\/media?parent=1498"}],"wp:term":[{"taxonomy":"category","embeddable":true,"href":"https:\/\/verdianpower.com\/it\/wp-json\/wp\/v2\/categories?post=1498"},{"taxonomy":"post_tag","embeddable":true,"href":"https:\/\/verdianpower.com\/it\/wp-json\/wp\/v2\/tags?post=1498"}],"curies":[{"name":"wp","href":"https:\/\/api.w.org\/{rel}","templated":true}]}}